{"id":812,"date":"2026-01-11T18:27:51","date_gmt":"2026-01-11T17:27:51","guid":{"rendered":"https:\/\/evkiweck.de\/?p=812"},"modified":"2026-07-25T19:03:24","modified_gmt":"2026-07-25T17:03:24","slug":"gottesdienste","status":"publish","type":"post","link":"https:\/\/evkiweck.de\/index.php\/2026\/01\/11\/gottesdienste\/","title":{"rendered":"Gottesdienste"},"content":{"rendered":"\n<p class=\"wp-block-paragraph\">Auf dieser Seite finden Sie eine \u00dcbersicht der Gottesdienste der evangelischen Kirchengemeinde Wendelsheim, Nack, Nieder-Wiesen und Bechenheim. Hier erfahren Sie alles \u00fcber die aktuellen und kommenden Gottesdienste, besondere Veranstaltungen und Termine. Ob regelm\u00e4\u00dfige Sonntagsgottesdienste, festliche Anl\u00e4sse oder besondere Gottesdienste im Jahresverlauf \u2013 wir halten Sie stets auf dem Laufenden. Besuchen Sie uns und erleben Sie inspirierende Gottesdienste in einer herzlichen Gemeinschaft.<\/p>\n\n\n\n<figure class=\"wp-block-table\"><table class=\"has-fixed-layout\"><thead><tr><th class=\"has-text-align-center\" data-align=\"center\">Datum<\/th><th class=\"has-text-align-center\" data-align=\"center\">Wendelsheim<\/th><th class=\"has-text-align-center\" data-align=\"center\">Nack<\/th><th class=\"has-text-align-center\" data-align=\"center\">Nieder-Wiesen<\/th><th class=\"has-text-align-center\" data-align=\"center\">Bechenheim<\/th><\/tr><\/thead><tbody><tr><td class=\"has-text-align-center\" data-align=\"center\">02.08.2026<\/td><td class=\"has-text-align-center\" data-align=\"center\">10:00 Uhr<br>Sommergottesdienst im Kirchgarten<\/td><td class=\"has-text-align-center\" data-align=\"center\"><\/td><td class=\"has-text-align-center\" data-align=\"center\"><\/td><td class=\"has-text-align-center\" data-align=\"center\"><\/td><\/tr><tr><td class=\"has-text-align-center\" data-align=\"center\">09.08.2026<\/td><td class=\"has-text-align-center\" data-align=\"center\"><\/td><td class=\"has-text-align-center\" data-align=\"center\">10:00 Uhr<br>Brunch zum Sonntag mit geistlichen Impulsen im <br>ev. Gemeindehaus<\/td><td class=\"has-text-align-center\" data-align=\"center\"><\/td><td class=\"has-text-align-center\" data-align=\"center\"><\/td><\/tr><tr><td class=\"has-text-align-center\" data-align=\"center\">16.08.2026<\/td><td class=\"has-text-align-center\" data-align=\"center\"><\/td><td class=\"has-text-align-center\" data-align=\"center\"><\/td><td class=\"has-text-align-center\" data-align=\"center\">09:00 Uhr<\/td><td class=\"has-text-align-center\" data-align=\"center\">10:15 Uhr<\/td><\/tr><tr><td class=\"has-text-align-center\" data-align=\"center\">23.08.2026<\/td><td class=\"has-text-align-center\" data-align=\"center\">09:00 Uhr<br><\/td><td class=\"has-text-align-center\" data-align=\"center\">10:15 Uhr<\/td><td class=\"has-text-align-center\" data-align=\"center\"><\/td><td class=\"has-text-align-center\" data-align=\"center\"><\/td><\/tr><tr><td class=\"has-text-align-center\" data-align=\"center\">30.08.2026<br><\/td><td class=\"has-text-align-center\" data-align=\"center\"><\/td><td class=\"has-text-align-center\" data-align=\"center\"><\/td><td class=\"has-text-align-center\" data-align=\"center\">17:00 Uhr<br>Musikgottesdienst mit Wiesbach Voices<\/td><td class=\"has-text-align-center\" data-align=\"center\"><\/td><\/tr><tr><td class=\"has-text-align-center\" data-align=\"center\">06.09.2026<br><\/td><td class=\"has-text-align-center\" data-align=\"center\">10:15 Uhr<br>Kirchweihgottesdienst<\/td><td class=\"has-text-align-center\" data-align=\"center\">09:00 Uhr<\/td><td class=\"has-text-align-center\" data-align=\"center\"><\/td><td class=\"has-text-align-center\" data-align=\"center\"><\/td><\/tr><tr><td class=\"has-text-align-center\" data-align=\"center\">13.09.2026<br><\/td><td class=\"has-text-align-center\" data-align=\"center\"><\/td><td class=\"has-text-align-center\" data-align=\"center\"><\/td><td class=\"has-text-align-center\" data-align=\"center\">10:15 Uhr<br>gemeinsamer Gottesdienst, gestaltet von den Konfirmanden unserer vier Gemeinden<\/td><td class=\"has-text-align-center\" data-align=\"center\"><\/td><\/tr><\/tbody><\/table><\/figure>\n\n\n\n<figure class=\"wp-block-table has-small-font-size\"><table class=\"has-fixed-layout\"><tbody><tr><td><strong>(A):&nbsp;<\/strong>mit Abendmahl (Einzelkelche)&nbsp;<br><strong>(T):<\/strong>&nbsp;mit Taufe <br>[&#8230;]<\/td><\/tr><\/tbody><\/table><\/figure>\n","protected":false},"excerpt":{"rendered":"<p>Auf dieser Seite finden Sie eine \u00dcbersicht der Gottesdienste der evangelischen Kirchengemeinde Wendelsheim, Nack, Nieder-Wiesen und Bechenheim. Hier erfahren Sie [&hellip;]<\/p>\n","protected":false},"author":1,"featured_media":815,"comment_status":"open","ping_status":"closed","sticky":false,"template":"","format":"standard","meta":{"site-sidebar-layout":"default","site-content-layout":"","ast-site-content-layout":"default","site-content-style":"default","site-sidebar-style":"default","ast-global-header-display":"","ast-banner-title-visibility":"","ast-main-header-display":"","ast-hfb-above-header-display":"","ast-hfb-below-header-display":"","ast-hfb-mobile-header-display":"","site-post-title":"","ast-breadcrumbs-content":"","ast-featured-img":"","footer-sml-layout":"","ast-disable-related-posts":"","theme-transparent-header-meta":"","adv-header-id-meta":"","stick-header-meta":"","header-above-stick-meta":"","header-main-stick-meta":"","header-below-stick-meta":"","astra-migrate-meta-layouts":"default","ast-page-background-enabled":"default","ast-page-background-meta":{"desktop":{"background-color":"var(--ast-global-color-5)","background-image":"","background-repeat":"repeat","background-position":"center center","background-size":"auto","background-attachment":"scroll","background-type":"","background-media":"","overlay-type":"","overlay-color":"","overlay-opacity":"","overlay-gradient":""},"tablet":{"background-color":"","background-image":"","background-repeat":"repeat","background-position":"center center","background-size":"auto","background-attachment":"scroll","background-type":"","background-media":"","overlay-type":"","overlay-color":"","overlay-opacity":"","overlay-gradient":""},"mobile":{"background-color":"","background-image":"","background-repeat":"repeat","background-position":"center center","background-size":"auto","background-attachment":"scroll","background-type":"","background-media":"","overlay-type":"","overlay-color":"","overlay-opacity":"","overlay-gradient":""}},"ast-content-background-meta":{"desktop":{"background-color":"var(--ast-global-color-4)","background-image":"","background-repeat":"repeat","background-position":"center center","background-size":"auto","background-attachment":"scroll","background-type":"","background-media":"","overlay-type":"","overlay-color":"","overlay-opacity":"","overlay-gradient":""},"tablet":{"background-color":"var(--ast-global-color-4)","background-image":"","background-repeat":"repeat","background-position":"center center","background-size":"auto","background-attachment":"scroll","background-type":"","background-media":"","overlay-type":"","overlay-color":"","overlay-opacity":"","overlay-gradient":""},"mobile":{"background-color":"var(--ast-global-color-4)","background-image":"","background-repeat":"repeat","background-position":"center center","background-size":"auto","background-attachment":"scroll","background-type":"","background-media":"","overlay-type":"","overlay-color":"","overlay-opacity":"","overlay-gradient":""}},"footnotes":""},"categories":[14],"tags":[],"class_list":["post-812","post","type-post","status-publish","format-standard","has-post-thumbnail","hentry","category-gottesdienste"],"aioseo_notices":[],"_links":{"self":[{"href":"https:\/\/evkiweck.de\/index.php\/wp-json\/wp\/v2\/posts\/812","targetHints":{"allow":["GET"]}}],"collection":[{"href":"https:\/\/evkiweck.de\/index.php\/wp-json\/wp\/v2\/posts"}],"about":[{"href":"https:\/\/evkiweck.de\/index.php\/wp-json\/wp\/v2\/types\/post"}],"author":[{"embeddable":true,"href":"https:\/\/evkiweck.de\/index.php\/wp-json\/wp\/v2\/users\/1"}],"replies":[{"embeddable":true,"href":"https:\/\/evkiweck.de\/index.php\/wp-json\/wp\/v2\/comments?post=812"}],"version-history":[{"count":9,"href":"https:\/\/evkiweck.de\/index.php\/wp-json\/wp\/v2\/posts\/812\/revisions"}],"predecessor-version":[{"id":984,"href":"https:\/\/evkiweck.de\/index.php\/wp-json\/wp\/v2\/posts\/812\/revisions\/984"}],"wp:featuredmedia":[{"embeddable":true,"href":"https:\/\/evkiweck.de\/index.php\/wp-json\/wp\/v2\/media\/815"}],"wp:attachment":[{"href":"https:\/\/evkiweck.de\/index.php\/wp-json\/wp\/v2\/media?parent=812"}],"wp:term":[{"taxonomy":"category","embeddable":true,"href":"https:\/\/evkiweck.de\/index.php\/wp-json\/wp\/v2\/categories?post=812"},{"taxonomy":"post_tag","embeddable":true,"href":"https:\/\/evkiweck.de\/index.php\/wp-json\/wp\/v2\/tags?post=812"}],"curies":[{"name":"wp","href":"https:\/\/api.w.org\/{rel}","templated":true}]}}